{"id":16811,"date":"2025-04-16T14:47:21","date_gmt":"2025-04-16T14:47:21","guid":{"rendered":"https:\/\/www.stoneco.com.br\/press_news\/estamos-vendo-uma-desaceleracao-economica-gradual-diz-economista-a-stone\/"},"modified":"2025-05-09T14:55:59","modified_gmt":"2025-05-09T14:55:59","slug":"estamos-vendo-uma-desaceleracao-economica-gradual-diz-economista-a-stone","status":"publish","type":"press_news","link":"https:\/\/www.stoneco.com.br\/en\/press_news\/estamos-vendo-uma-desaceleracao-economica-gradual-diz-economista-a-stone\/","title":{"rendered":"Estamos vendo uma desacelera\u00e7\u00e3o econ\u00f4mica gradual, diz economista da Stone"},"content":{"rendered":"<p data-aos=\"fade-up\" >Gastos do governo seguem mantendo a atividade relativamente aquecida apesar da alta dos juros, segundo Vinicius Carrasco<\/p>\n","protected":false},"featured_media":0,"template":"","class_list":["post-16811","press_news","type-press_news","status-publish","hentry"],"yoast_head":"<!-- This site is optimized with the Yoast SEO plugin v23.5 - https:\/\/yoast.com\/wordpress\/plugins\/seo\/ -->\n<title>Estamos vendo uma desacelera\u00e7\u00e3o econ\u00f4mica gradual, diz economista da Stone - StoneCo<\/title>\n<meta name=\"robots\" content=\"index, follow, max-snippet:-1, max-image-preview:large, max-video-preview:-1\" \/>\n<link rel=\"canonical\" href=\"https:\/\/www.stoneco.com.br\/en\/press_news\/estamos-vendo-uma-desaceleracao-economica-gradual-diz-economista-a-stone\/\" \/>\n<meta property=\"og:locale\" content=\"en_US\" \/>\n<meta property=\"og:type\" content=\"article\" \/>\n<meta property=\"og:title\" content=\"Estamos vendo uma desacelera\u00e7\u00e3o econ\u00f4mica gradual, diz economista da Stone - StoneCo\" \/>\n<meta property=\"og:description\" content=\"Gastos do governo seguem mantendo a atividade relativamente aquecida apesar da alta dos juros, segundo Vinicius Carrasco\" \/>\n<meta property=\"og:url\" content=\"https:\/\/www.stoneco.com.br\/en\/press_news\/estamos-vendo-uma-desaceleracao-economica-gradual-diz-economista-a-stone\/\" \/>\n<meta property=\"og:site_name\" content=\"StoneCo\" \/>\n<meta property=\"article:modified_time\" content=\"2025-05-09T14:55:59+00:00\" \/>\n<meta name=\"twitter:card\" content=\"summary_large_image\" \/>\n<meta name=\"twitter:label1\" content=\"Est. reading time\" \/>\n\t<meta name=\"twitter:data1\" content=\"1 minute\" \/>\n<script type=\"application\/ld+json\" class=\"yoast-schema-graph\">{\"@context\":\"https:\/\/schema.org\",\"@graph\":[{\"@type\":\"WebPage\",\"@id\":\"https:\/\/www.stoneco.com.br\/en\/press_news\/estamos-vendo-uma-desaceleracao-economica-gradual-diz-economista-a-stone\/\",\"url\":\"https:\/\/www.stoneco.com.br\/en\/press_news\/estamos-vendo-uma-desaceleracao-economica-gradual-diz-economista-a-stone\/\",\"name\":\"Estamos vendo uma desacelera\u00e7\u00e3o econ\u00f4mica gradual, diz economista da Stone - StoneCo\",\"isPartOf\":{\"@id\":\"https:\/\/www.stone.co\/#website\"},\"datePublished\":\"2025-04-16T14:47:21+00:00\",\"dateModified\":\"2025-05-09T14:55:59+00:00\",\"breadcrumb\":{\"@id\":\"https:\/\/www.stoneco.com.br\/en\/press_news\/estamos-vendo-uma-desaceleracao-economica-gradual-diz-economista-a-stone\/#breadcrumb\"},\"inLanguage\":\"en-US\",\"potentialAction\":[{\"@type\":\"ReadAction\",\"target\":[\"https:\/\/www.stoneco.com.br\/en\/press_news\/estamos-vendo-uma-desaceleracao-economica-gradual-diz-economista-a-stone\/\"]}]},{\"@type\":\"BreadcrumbList\",\"@id\":\"https:\/\/www.stoneco.com.br\/en\/press_news\/estamos-vendo-uma-desaceleracao-economica-gradual-diz-economista-a-stone\/#breadcrumb\",\"itemListElement\":[{\"@type\":\"ListItem\",\"position\":1,\"name\":\"Home\",\"item\":\"https:\/\/www.stoneco.com.br\/en\/\"},{\"@type\":\"ListItem\",\"position\":2,\"name\":\"Estamos vendo uma desacelera\u00e7\u00e3o econ\u00f4mica gradual, diz economista da Stone\"}]},{\"@type\":\"WebSite\",\"@id\":\"https:\/\/www.stone.co\/#website\",\"url\":\"https:\/\/www.stone.co\/\",\"name\":\"StoneCo\",\"description\":\"Institucional\",\"potentialAction\":[{\"@type\":\"SearchAction\",\"target\":{\"@type\":\"EntryPoint\",\"urlTemplate\":\"https:\/\/www.stone.co\/?s={search_term_string}\"},\"query-input\":{\"@type\":\"PropertyValueSpecification\",\"valueRequired\":true,\"valueName\":\"search_term_string\"}}],\"inLanguage\":\"en-US\"}]}<\/script>\n<!-- \/ Yoast SEO plugin. -->","yoast_head_json":{"title":"Estamos vendo uma desacelera\u00e7\u00e3o econ\u00f4mica gradual, diz economista da Stone - StoneCo","robots":{"index":"index","follow":"follow","max-snippet":"max-snippet:-1","max-image-preview":"max-image-preview:large","max-video-preview":"max-video-preview:-1"},"canonical":"https:\/\/www.stoneco.com.br\/en\/press_news\/estamos-vendo-uma-desaceleracao-economica-gradual-diz-economista-a-stone\/","og_locale":"en_US","og_type":"article","og_title":"Estamos vendo uma desacelera\u00e7\u00e3o econ\u00f4mica gradual, diz economista da Stone - StoneCo","og_description":"Gastos do governo seguem mantendo a atividade relativamente aquecida apesar da alta dos juros, segundo Vinicius Carrasco","og_url":"https:\/\/www.stoneco.com.br\/en\/press_news\/estamos-vendo-uma-desaceleracao-economica-gradual-diz-economista-a-stone\/","og_site_name":"StoneCo","article_modified_time":"2025-05-09T14:55:59+00:00","twitter_card":"summary_large_image","twitter_misc":{"Est. reading time":"1 minute"},"schema":{"@context":"https:\/\/schema.org","@graph":[{"@type":"WebPage","@id":"https:\/\/www.stoneco.com.br\/en\/press_news\/estamos-vendo-uma-desaceleracao-economica-gradual-diz-economista-a-stone\/","url":"https:\/\/www.stoneco.com.br\/en\/press_news\/estamos-vendo-uma-desaceleracao-economica-gradual-diz-economista-a-stone\/","name":"Estamos vendo uma desacelera\u00e7\u00e3o econ\u00f4mica gradual, diz economista da Stone - StoneCo","isPartOf":{"@id":"https:\/\/www.stone.co\/#website"},"datePublished":"2025-04-16T14:47:21+00:00","dateModified":"2025-05-09T14:55:59+00:00","breadcrumb":{"@id":"https:\/\/www.stoneco.com.br\/en\/press_news\/estamos-vendo-uma-desaceleracao-economica-gradual-diz-economista-a-stone\/#breadcrumb"},"inLanguage":"en-US","potentialAction":[{"@type":"ReadAction","target":["https:\/\/www.stoneco.com.br\/en\/press_news\/estamos-vendo-uma-desaceleracao-economica-gradual-diz-economista-a-stone\/"]}]},{"@type":"BreadcrumbList","@id":"https:\/\/www.stoneco.com.br\/en\/press_news\/estamos-vendo-uma-desaceleracao-economica-gradual-diz-economista-a-stone\/#breadcrumb","itemListElement":[{"@type":"ListItem","position":1,"name":"Home","item":"https:\/\/www.stoneco.com.br\/en\/"},{"@type":"ListItem","position":2,"name":"Estamos vendo uma desacelera\u00e7\u00e3o econ\u00f4mica gradual, diz economista da Stone"}]},{"@type":"WebSite","@id":"https:\/\/www.stone.co\/#website","url":"https:\/\/www.stone.co\/","name":"StoneCo","description":"Institucional","potentialAction":[{"@type":"SearchAction","target":{"@type":"EntryPoint","urlTemplate":"https:\/\/www.stone.co\/?s={search_term_string}"},"query-input":{"@type":"PropertyValueSpecification","valueRequired":true,"valueName":"search_term_string"}}],"inLanguage":"en-US"}]}},"acf":[],"_links":{"self":[{"href":"https:\/\/www.stoneco.com.br\/en\/wp-json\/wp\/v2\/press_news\/16811","targetHints":{"allow":["GET"]}}],"collection":[{"href":"https:\/\/www.stoneco.com.br\/en\/wp-json\/wp\/v2\/press_news"}],"about":[{"href":"https:\/\/www.stoneco.com.br\/en\/wp-json\/wp\/v2\/types\/press_news"}],"wp:attachment":[{"href":"https:\/\/www.stoneco.com.br\/en\/wp-json\/wp\/v2\/media?parent=16811"}],"curies":[{"name":"wp","href":"https:\/\/api.w.org\/{rel}","templated":true}]}}